{"id":917,"date":"2021-05-29T10:01:21","date_gmt":"2021-05-29T10:01:21","guid":{"rendered":"https:\/\/www.nadacnifondkalich.cz\/?p=917"},"modified":"2021-05-29T10:11:51","modified_gmt":"2021-05-29T10:11:51","slug":"pametni-deska-generala-masina-2016","status":"publish","type":"post","link":"https:\/\/www.nadacnifondkalich.cz\/index.php\/2021\/05\/29\/pametni-deska-generala-masina-2016\/","title":{"rendered":"Pam\u011btn\u00ed deska gener\u00e1la Ma\u0161\u00edna 2016"},"content":{"rendered":"<p>[et_pb_section fb_built=&#8220;1&#8243; admin_label=&#8220;Collections&#8220; _builder_version=&#8220;3.22&#8243; custom_padding=&#8220;1px|0px|4px|0px||&#8220;][et_pb_row _builder_version=&#8220;3.25&#8243; custom_margin=&#8220;-2px|auto|-2px|auto||&#8220; custom_padding=&#8220;4px||3px|||&#8220;][et_pb_column type=&#8220;4_4&#8243; _builder_version=&#8220;3.25&#8243; custom_padding=&#8220;|||&#8220; custom_padding__hover=&#8220;|||&#8220;][et_pb_text _builder_version=&#8220;4.9.2&#8243; text_font=&#8220;||||||||&#8220; header_font=&#8220;||||||||&#8220; header_text_align=&#8220;left&#8220; header_text_color=&#8220;#2b2b2b&#8220; header_line_height=&#8220;1.3em&#8220; header_2_font=&#8220;Playfair Display|700|||||||&#8220; header_2_text_align=&#8220;left&#8220; header_2_text_color=&#8220;#2b2b2b&#8220; header_2_font_size=&#8220;42px&#8220; header_2_line_height=&#8220;1.5em&#8220; text_orientation=&#8220;center&#8220; module_alignment=&#8220;center&#8220; custom_margin=&#8220;||10px|&#8220; locked=&#8220;off&#8220;]<\/p>\n<h2>Pam\u011btn\u00ed deska gener\u00e1la Ma\u0161\u00edna<\/h2>\n<p>[\/et_pb_text][et_pb_divider color=&#8220;#f7d584&#8243; divider_weight=&#8220;3px&#8220; disabled_on=&#8220;on|on|off&#8220; _builder_version=&#8220;3.2&#8243; max_width=&#8220;80px&#8220; module_alignment=&#8220;left&#8220; height=&#8220;10px&#8220; custom_margin=&#8220;||20px|&#8220; animation_style=&#8220;slide&#8220; animation_direction=&#8220;bottom&#8220; saved_tabs=&#8220;all&#8220; locked=&#8220;off&#8220;][\/et_pb_divider][\/et_pb_column][\/et_pb_row][et_pb_row _builder_version=&#8220;4.9.2&#8243; _module_preset=&#8220;default&#8220;][et_pb_column type=&#8220;4_4&#8243; _builder_version=&#8220;4.9.2&#8243; _module_preset=&#8220;default&#8220;][et_pb_text _builder_version=&#8220;4.9.2&#8243; _module_preset=&#8220;default&#8220; max_width=&#8220;800px&#8220; hover_enabled=&#8220;0&#8243; sticky_enabled=&#8220;0&#8243;]<\/p>\n<div class=\"field field-perex\">\n<header class=\"n_iX\" data-e2e=\"tpl-royalty-mainHeader\">\n<div class=\"g_gH\">\n<p class=\"d_c1\">V Roudnici nad Labem v 26.8.2016 slavnostn\u011b odhalili pam\u011btn\u00ed desku Josefu Ma\u0161\u00ednovi. \u00da\u010dastn\u00edk protinacistick\u00e9ho odboje v dom\u011b na Husov\u011b n\u00e1m\u011bst\u00ed pob\u00fdval b\u011bhem studi\u00ed na Kr\u00e1lovsk\u00e9 \u010desk\u00e9 zemsk\u00e9 \u0161kole hospod\u00e1\u0159sk\u00e9.<\/p>\n<\/div>\n<\/header>\n<div class=\"n_iP\">\n<section class=\"n_iQ\">\n<div class=\"tpl-king-top-content\">\n<div class=\"n_iP\">\n<section class=\"n_iQ\" data-e2e=\"tpl-royalty-content\">\n<div class=\"g_gk\" data-dot=\"objekt_v_textu\">\n<article class=\"g_gl\" role=\"article\" aria-labelledby=\"accessibility-article\">\n<div class=\"g_gp\" data-dot-data=\"{&quot;component&quot;:&quot;article-content&quot;}\">\n<div class=\"f_d-\">\n<div class=\"f_c0\">\n<p class=\"d_c1\">Pietn\u00edho aktu s vojensk\u00fdmi poctami v\u010detn\u011b \u010destn\u00e9 str\u00e1\u017ee se vedle politik\u016f z\u00fa\u010dastnila v den 120. v\u00fdro\u010d\u00ed Ma\u0161\u00ednova narozen\u00ed \u0159ada pam\u011btn\u00edk\u016f a potomci \u00fa\u010dastn\u00edk\u016f odboje.<\/p>\n<\/div>\n<div class=\"f_c0\">\n<p class=\"d_c1\">Mezi hosty byla i dcera Josefa Ma\u0161\u00edna Zdena Ma\u0161\u00ednov\u00e1 a vnu\u010dka Sandra Ma\u0161\u00ednov\u00e1. P\u0159ipomn\u011bli si osud \u010dlena odbojov\u00e9 skupiny T\u0159i kr\u00e1lov\u00e9, kter\u00fd byl nacisty popraven v roce 1942 v Praze.<\/p>\n<\/div>\n<div class=\"f_c0\">\n<p class=\"d_c1\">Po odhalen\u00ed desky polo\u017eili host\u00e9 k domu kv\u011btinov\u00e9 dary, pot\u00e9 n\u00e1sledovala minuta ticha k uct\u011bn\u00ed pam\u00e1tky hrdiny odboje.<\/p>\n<\/div>\n<div class=\"f_c0\">\n<p class=\"d_c1\">&#8222;Pot\u0159ebujeme takov\u00e9 p\u0159\u00edklady, jako byl gener\u00e1l Ma\u0161\u00edn,&#8220; \u0159ekl p\u0159edseda Sn\u011bmovny Jan Ham\u00e1\u010dek. Ma\u0161\u00edn\u016fv osud je podle n\u011bj nejen uk\u00e1zkou obrovsk\u00e9ho hrdinstv\u00ed, ale i obrovsk\u00e9ho selh\u00e1n\u00ed elit.<\/p>\n<\/div>\n<div class=\"f_hg js-ad\">&#8222;Cht\u011blo by se \u0159\u00edci pozd\u011b, ale p\u0159ece. Jsem r\u00e1d, \u017ee m\u00e1 takov\u00fd \u010dlov\u011bk vzpom\u00ednku zhmotn\u011blou do kr\u00e1sn\u00e9 desky,&#8220; uvedl m\u00edstop\u0159edseda vl\u00e1dy Pavel B\u011blobr\u00e1dek.\u00a0 &#8222;Nebudeme-li vzpom\u00ednat na sv\u00e9 hrdiny, pak je mo\u017en\u00e9, \u017ee jejich seznamy budou p\u0159ib\u00fdvat,&#8220; dodal.<\/div>\n<div class=\"f_cA\" data-dot-data=\"{&quot;component&quot;:&quot;mol-figure&quot;}\" data-dot=\"foto\" aria-label=\"Galerie Pam\u011btn\u00ed desku odhalila 26. srpna na Husov\u011b n\u00e1m\u011bst\u00ed v Roudnici nad Labem dcera Josefa Ma\u0161\u00edna Zdena.\">\n<div>\n<div class=\"d_v f_cm\">\n<div class=\"atm-media-item-image-events\" tabindex=\"0\"><\/div>\n<\/div>\n<\/div>\n<p class=\"d_c1 f_co\">Sandra Ma\u0161\u00ednov\u00e1 p\u0159e\u010detla dopis sv\u00e9ho otce Josefa Ma\u0161\u00edna mlad\u0161\u00edho, ve kter\u00e9m p\u00ed\u0161e, \u017ee se nevzd\u00e1v\u00e1 nad\u011bje na lep\u0161\u00ed budoucnost \u010cesk\u00e9 republiky. &#8222;Cen\u00edm si snahy a \u00fasil\u00ed v\u0161ech, kte\u0159\u00ed se zasadili o um\u00edst\u011bn\u00ed t\u00e9to desky. Bez znalosti historie se tato bude opakovat,&#8220; napsal Josef Ma\u0161\u00edn mlad\u0161\u00ed.<\/p>\n<\/div>\n<div class=\"f_c0\">\n<p class=\"d_c1\">Vznik pam\u011btn\u00ed desky inicioval roudnick\u00fd spolek Nezapom\u00ednejme!. &#8222;V \u010dervnu 2015 jsme zorganizovali na St\u0159edn\u00ed odborn\u00e9 a vy\u0161\u0161\u00ed odborn\u00e9 \u0161kole p\u0159ipom\u00ednku 100. v\u00fdro\u010d\u00ed maturity Josefa Ma\u0161\u00edna. Ji\u017e tam byla vyhl\u00e1\u0161ena ve\u0159ejn\u00e1 sb\u00edrka na realizaci pam\u011btn\u00ed desky a byly zah\u00e1jeny pr\u00e1ce na administrativn\u00ed p\u0159\u00edprav\u011b i hled\u00e1n\u00ed vhodn\u00e9ho m\u00edsta pro jej\u00ed um\u00edst\u011bn\u00ed,&#8220; uvedl u\u017e d\u0159\u00edve za spolek Petr Rajt\u0161l\u00e9gr.<\/p>\n<\/div>\n<div class=\"f_c0\">\n<p class=\"d_c1\">Autorkou jednoduch\u00e9 desky je socha\u0159ka Paulina Skavov\u00e1 a vyrobila ji sl\u00e9v\u00e1rna HVH v Horn\u00ed Kaln\u00e9, kde vznikl t\u0159eba pomn\u00edk komunisty popraven\u00e9 politi\u010dky Milady Hor\u00e1kov\u00e9, odhalen\u00fd loni u budovy Parlamentu \u010cR, nebo busta V\u00e1clava Havla, um\u00edst\u011bn\u00e1 v americk\u00e9m Kongresu.<\/p>\n<\/div>\n<div class=\"f_c0\">\n<p class=\"d_c1\">N\u00e1klady na v\u00fdrobu desky \u010dinily zhruba 60 000 korun, \u010d\u00e1st uhradilo m\u011bsto. &#8222;Jsem r\u00e1d, \u017ee ob\u010dan\u00e9 na\u0161eho m\u011bsta vyv\u00edjej\u00ed tuto \u010dinnost. Na hrdiny jako Ma\u0161\u00edn bychom opravdu nem\u011bli zapom\u00ednat. V\u011b\u0159\u00edm, \u017ee Roudnice nad Labem je spojena s celou \u0159adou osobnost\u00ed, kter\u00e9 si zaslou\u017e\u00ed n\u00e1\u0161 obdiv, a proto se budeme i do budoucna r\u00e1di pod\u00edlet na dal\u0161\u00edch podobn\u00fdch projektech,&#8220; uvedl starosta Vladim\u00edr Urban.<\/p>\n<\/div>\n<\/div>\n<\/div>\n<\/article>\n<\/div>\n<div class=\"g_fT\">\n<div class=\"g_fY\">\n<div class=\"g_fW\">\n<div class=\"d_P\"><\/div>\n<\/div>\n<\/div>\n<\/div>\n<\/section>\n<\/div>\n<\/div>\n<\/section>\n<\/div>\n<\/div>\n<p>[\/et_pb_text][\/et_pb_column][\/et_pb_row][\/et_pb_section][et_pb_section fb_built=&#8220;1&#8243; _builder_version=&#8220;4.9.2&#8243; _module_preset=&#8220;default&#8220; custom_padding=&#8220;2px|||||&#8220;][et_pb_row _builder_version=&#8220;4.9.2&#8243; _module_preset=&#8220;default&#8220;][et_pb_column type=&#8220;4_4&#8243; _builder_version=&#8220;4.9.2&#8243; _module_preset=&#8220;default&#8220;][et_pb_gallery gallery_ids=&#8220;918,919,920,921,922,923,924,925,926,927,928,929,930,931,932,933,934,935,936,937,938,939,940,941,942,943,944,945,946,947,948,949,950,951,952,953,954,955,956,957,958,959,960,961,962,963,964,965,966,967,968,969,970,971,972,973,974,975,976,977,978,979,980,981,982,983&#8243; posts_number=&#8220;16&#8243; show_title_and_caption=&#8220;off&#8220; _builder_version=&#8220;4.9.2&#8243; _module_preset=&#8220;default&#8220; hover_enabled=&#8220;0&#8243; sticky_enabled=&#8220;0&#8243;][\/et_pb_gallery][\/et_pb_column][\/et_pb_row][\/et_pb_section]<\/p>\n","protected":false},"excerpt":{"rendered":"<p>[et_pb_section fb_built=&#8220;1&#8243; admin_label=&#8220;Collections&#8220; _builder_version=&#8220;3.22&#8243; custom_padding=&#8220;1px|0px|4px|0px||&#8220;][et_pb_row _builder_version=&#8220;3.25&#8243; custom_margin=&#8220;-2px|auto|-2px|auto||&#8220; custom_padding=&#8220;4px||3px|||&#8220;][et_pb_column type=&#8220;4_4&#8243; _builder_version=&#8220;3.25&#8243; custom_padding=&#8220;|||&#8220; custom_padding__hover=&#8220;|||&#8220;][et_pb_text _builder_version=&#8220;4.9.2&#8243; text_font=&#8220;||||||||&#8220; header_font=&#8220;||||||||&#8220; header_text_align=&#8220;left&#8220; header_text_color=&#8220;#2b2b2b&#8220; header_line_height=&#8220;1.3em&#8220; header_2_font=&#8220;Playfair Display|700|||||||&#8220; header_2_text_align=&#8220;left&#8220; header_2_text_color=&#8220;#2b2b2b&#8220; header_2_font_size=&#8220;42px&#8220; header_2_line_height=&#8220;1.5em&#8220; text_orientation=&#8220;center&#8220; module_alignment=&#8220;center&#8220; custom_margin=&#8220;||10px|&#8220; locked=&#8220;off&#8220;] Pam\u011btn\u00ed deska gener\u00e1la Ma\u0161\u00edna [\/et_pb_text][et_pb_divider color=&#8220;#f7d584&#8243; divider_weight=&#8220;3px&#8220; disabled_on=&#8220;on|on|off&#8220; _builder_version=&#8220;3.2&#8243; max_width=&#8220;80px&#8220; module_alignment=&#8220;left&#8220; height=&#8220;10px&#8220; custom_margin=&#8220;||20px|&#8220; animation_style=&#8220;slide&#8220; animation_direction=&#8220;bottom&#8220; saved_tabs=&#8220;all&#8220; locked=&#8220;off&#8220;][\/et_pb_divider][\/et_pb_column][\/et_pb_row][et_pb_row _builder_version=&#8220;4.9.2&#8243; _module_preset=&#8220;default&#8220;][et_pb_column type=&#8220;4_4&#8243; _builder_version=&#8220;4.9.2&#8243; _module_preset=&#8220;default&#8220;][et_pb_text _builder_version=&#8220;4.9.2&#8243; _module_preset=&#8220;default&#8220; max_width=&#8220;800px&#8220; hover_enabled=&#8220;0&#8243; sticky_enabled=&#8220;0&#8243;] [&hellip;]<\/p>\n","protected":false},"author":4,"featured_media":979,"comment_status":"closed","ping_status":"closed","sticky":false,"template":"","format":"standard","meta":{"_et_pb_use_builder":"on","_et_pb_old_content":"","_et_gb_content_width":"1080"},"categories":[9,12],"tags":[],"_links":{"self":[{"href":"https:\/\/www.nadacnifondkalich.cz\/index.php\/wp-json\/wp\/v2\/posts\/917"}],"collection":[{"href":"https:\/\/www.nadacnifondkalich.cz\/index.php\/wp-json\/wp\/v2\/posts"}],"about":[{"href":"https:\/\/www.nadacnifondkalich.cz\/index.php\/wp-json\/wp\/v2\/types\/post"}],"author":[{"embeddable":true,"href":"https:\/\/www.nadacnifondkalich.cz\/index.php\/wp-json\/wp\/v2\/users\/4"}],"replies":[{"embeddable":true,"href":"https:\/\/www.nadacnifondkalich.cz\/index.php\/wp-json\/wp\/v2\/comments?post=917"}],"version-history":[{"count":2,"href":"https:\/\/www.nadacnifondkalich.cz\/index.php\/wp-json\/wp\/v2\/posts\/917\/revisions"}],"predecessor-version":[{"id":986,"href":"https:\/\/www.nadacnifondkalich.cz\/index.php\/wp-json\/wp\/v2\/posts\/917\/revisions\/986"}],"wp:featuredmedia":[{"embeddable":true,"href":"https:\/\/www.nadacnifondkalich.cz\/index.php\/wp-json\/wp\/v2\/media\/979"}],"wp:attachment":[{"href":"https:\/\/www.nadacnifondkalich.cz\/index.php\/wp-json\/wp\/v2\/media?parent=917"}],"wp:term":[{"taxonomy":"category","embeddable":true,"href":"https:\/\/www.nadacnifondkalich.cz\/index.php\/wp-json\/wp\/v2\/categories?post=917"},{"taxonomy":"post_tag","embeddable":true,"href":"https:\/\/www.nadacnifondkalich.cz\/index.php\/wp-json\/wp\/v2\/tags?post=917"}],"curies":[{"name":"wp","href":"https:\/\/api.w.org\/{rel}","templated":true}]}}