{"id":792,"date":"2021-05-28T20:22:50","date_gmt":"2021-05-28T20:22:50","guid":{"rendered":"https:\/\/www.nadacnifondkalich.cz\/?p=792"},"modified":"2021-06-01T15:45:44","modified_gmt":"2021-06-01T15:45:44","slug":"koncert-tomas-klus","status":"publish","type":"post","link":"https:\/\/www.nadacnifondkalich.cz\/index.php\/2021\/05\/28\/koncert-tomas-klus\/","title":{"rendered":"Tom\u00e1\u0161 Klus"},"content":{"rendered":"\n[et_pb_section fb_built=&#8220;1&#8243; admin_label=&#8220;Collections&#8220; _builder_version=&#8220;3.22&#8243; custom_padding=&#8220;3px|0px|4px|0px||&#8220;][et_pb_row _builder_version=&#8220;3.25&#8243; custom_margin=&#8220;|auto|-2px|auto||&#8220; custom_padding=&#8220;1px||3px|||&#8220;][et_pb_column type=&#8220;4_4&#8243; _builder_version=&#8220;3.25&#8243; custom_padding=&#8220;|||&#8220; custom_padding__hover=&#8220;|||&#8220;][et_pb_text _builder_version=&#8220;4.9.2&#8243; text_font=&#8220;||||||||&#8220; header_font=&#8220;||||||||&#8220; header_text_align=&#8220;left&#8220; header_text_color=&#8220;#2b2b2b&#8220; header_line_height=&#8220;1.3em&#8220; header_2_font=&#8220;Playfair Display|700|||||||&#8220; header_2_text_align=&#8220;left&#8220; header_2_text_color=&#8220;#2b2b2b&#8220; header_2_font_size=&#8220;42px&#8220; header_2_line_height=&#8220;1.5em&#8220; text_orientation=&#8220;center&#8220; module_alignment=&#8220;center&#8220; custom_margin=&#8220;||10px|&#8220; custom_padding=&#8220;3px|||||&#8220; hover_enabled=&#8220;0&#8243; locked=&#8220;off&#8220; sticky_enabled=&#8220;0&#8243;]<h2>25.08.2020 Tom\u00e1\u0161 Klus<\/h2>[\/et_pb_text][et_pb_divider color=&#8220;#f7d584&#8243; divider_weight=&#8220;3px&#8220; disabled_on=&#8220;on|on|off&#8220; _builder_version=&#8220;3.2&#8243; max_width=&#8220;80px&#8220; module_alignment=&#8220;left&#8220; height=&#8220;10px&#8220; custom_margin=&#8220;||20px|&#8220; animation_style=&#8220;slide&#8220; animation_direction=&#8220;bottom&#8220; saved_tabs=&#8220;all&#8220; locked=&#8220;off&#8220;][\/et_pb_divider][\/et_pb_column][\/et_pb_row][et_pb_row _builder_version=&#8220;4.9.2&#8243; _module_preset=&#8220;default&#8220;][et_pb_column type=&#8220;4_4&#8243; _builder_version=&#8220;4.9.2&#8243; _module_preset=&#8220;default&#8220;][et_pb_text _builder_version=&#8220;4.9.2&#8243; _module_preset=&#8220;default&#8220; max_width=&#8220;800px&#8220; custom_padding=&#8220;1px||22px|||&#8220;]<p>Rekordn\u00ed v\u00fdt\u011b\u017eek pro Hospic sv. \u0160t\u011bp\u00e1na, vysok\u00e1 n\u00e1v\u0161t\u011bvnost, naprosto ide\u00e1ln\u00ed po\u010das\u00ed a neuv\u011b\u0159iteln\u011b kr\u00e1sn\u00e1 atmosf\u00e9ra pod \u0161ir\u00fdm nebem, v\u00a0bl\u00edzkosti katedr\u00e1ly sv. \u0160t\u011bp\u00e1na na D\u00f3msk\u00e9m n\u00e1m\u011bst\u00ed v\u00a0Litom\u011b\u0159ic\u00edch, kterou vytvo\u0159il zp\u011bv\u00e1k Tom\u00e1\u0161 Klus. Tak lze stru\u010dn\u011b charakterizovat v\u010derej\u0161\u00ed benefi\u010dn\u00ed koncert \u201ePro lidi v\u00a0prvn\u00ed linii\u201c, po\u0159\u00e1dan\u00fd Nada\u010dn\u00edm fondem Kalich, m\u011bstem Litom\u011b\u0159ice a za podpory M\u011bstsk\u00fdch kulturn\u00edch za\u0159\u00edzen\u00ed.<\/p>\n<p>Hned v\u00a0\u00favodu byli ocen\u011bni \u010destn\u00ed host\u00e9 koncertu, kter\u00fdmi byli zam\u011bstnanci covidov\u00e9 stanice litom\u011b\u0159ick\u00e9 nemocnice, kte\u0159\u00ed v\u00a0prvn\u00ed vln\u011b pe\u010dovali o naka\u017een\u00e9, zam\u011bstnanci Domova U Trati, je\u017e n\u011bkolik t\u00fddn\u016f str\u00e1vili nep\u0159etr\u017eit\u011b s\u00a0klienty v za\u0159\u00edzen\u00ed zasa\u017een\u00e9m koronavirem, zam\u011bstnanci Farn\u00ed charity Litom\u011b\u0159ice, co pe\u010dovali o lidi v\u00a0n\u011bkolika za\u0159\u00edzen\u00edch, ale zaji\u0161\u0165ovali i ter\u00e9nn\u00ed p\u00e9\u010di, stejn\u011b jako nap\u0159\u00edklad zam\u011bstnanci Hospice sv. \u0160t\u011bp\u00e1na.<\/p>\n<p>\u201eU\u010d\u00edme od mali\u010dka d\u011bti kouzeln\u00e9mu sl\u016fvku, kter\u00e9 otev\u00edr\u00e1 dve\u0159e a lidsk\u00e1 srdce. To je sl\u016fvko d\u011bkuji, kter\u00e9 zde zazn\u011blo ji\u017e mnohokr\u00e1t a p\u0159ipojuji se i j\u00e1. Krom\u011b t\u011bch, kter\u00fdm jsme ji\u017e d\u011bkovali, bych p\u0159ipomn\u011bl i ty, kter\u00fdm jsme dnes je\u0161t\u011b nepod\u011bkovali. Obdivuhodn\u00e1 toti\u017e byla i pr\u00e1ce n\u011bkolika des\u00edtek dobrovoln\u00edk\u016f,\u201c pronesl starosta Ladislav Chlup\u00e1\u010d, kter\u00fd spole\u010dn\u011b s\u00a0p\u0159edsedou spr\u00e1vn\u00ed rady NF Kalich Alexandrem Vondrou rozdal stovku r\u016f\u017e\u00ed zam\u011bstnanc\u016fm zm\u00edn\u011bn\u00fdch za\u0159\u00edzen\u00ed. Za jejich pr\u00e1ci jim pod\u011bkoval i biskup Jan Baxant.<\/p>\n<p>V n\u00e1sledn\u00e9m zhruba hodinu a p\u016fl trvaj\u00edc\u00edm vystoupen\u00ed rozezp\u00edval a roztan\u010dil publikum energi\u00ed nabit\u00fd Tom\u00e1\u0161 Klus. Zp\u011bv\u00e1k mimo jin\u00e9 nev\u00e1hal a nav\u0161t\u00edvil i samotn\u00fd hospic. \u201eJe to n\u00e1dhern\u00e9 za\u0159\u00edzen\u00ed a reprezentuje t\u00e9ma, kter\u00e9ho se nesm\u00edme b\u00e1t, nebo\u0165 je na\u0161\u00ed sou\u010d\u00e1st\u00ed,\u201c konstatoval v\u00a0t\u00e9 souvislosti.\u00a0<\/p>\n<p>Atmosf\u00e9ru ve\u010dera pak t\u00edm nejlep\u0161\u00edm mo\u017en\u00fdm zp\u016fsobem zpe\u010detil v\u00fdt\u011b\u017eek ze vstupn\u00e9ho ur\u010den\u00fd i tentokr\u00e1te litom\u011b\u0159ick\u00e9mu hospici.\u00a0 \u201eM\u00e1m obrovskou radost, \u017ee jde o v\u00fdt\u011b\u017eek rekordn\u00ed,\u201c uvedl p\u0159edseda spr\u00e1vn\u00ed rady NF Kalich Vondra, kter\u00fd \u0159editelce Monice Markov\u00e9 p\u0159edal \u0161ek na 194\u00a0500 korun. Po tis\u00edcovce d\u00e1le na v\u00fdzvu moder\u00e1torky ve\u010dera Evy B\u0159e\u0148ov\u00e9 p\u0159idalo n\u011bkolik dal\u0161\u00edch n\u00e1v\u0161t\u011bvn\u00edk\u016f, v\u010detn\u011b zp\u011bv\u00e1ka Kluse. Deset tis\u00edc korun se rozhodl v\u011bnovat i probo\u0161t Ji\u0159\u00ed Hlad\u00edk. Pr\u00e1v\u011b se svolen\u00edm probo\u0161tstv\u00ed bylo mo\u017eno uspo\u0159\u00e1dat koncert op\u011bt na D\u00f3msk\u00e9m n\u00e1m\u011bst\u00ed. Celkem se tedy pro hospic poda\u0159ilo vybrat zhruba 210 tis\u00edc korun.<\/p>\n<p>\u201eTo je naprosto \u00fa\u017easn\u00e9. Moc v\u0161em d\u011bkujeme. Za v\u00fdt\u011b\u017eek budeme moci nakoupit antidekubitn\u00ed matrace pro na\u0161e klienty, mobiln\u00ed l\u016f\u017eka a koncentr\u00e1tory kysl\u00edku, kter\u00fdch m\u00e1me nedostatek,\u201c uvedla \u0159editelka hospice Monika Markov\u00e1.<\/p>[\/et_pb_text][\/et_pb_column][\/et_pb_row][\/et_pb_section][et_pb_section fb_built=&#8220;1&#8243; _builder_version=&#8220;4.9.2&#8243; _module_preset=&#8220;default&#8220; custom_padding=&#8220;2px|||||&#8220;][et_pb_row _builder_version=&#8220;4.9.2&#8243; _module_preset=&#8220;default&#8220;][et_pb_column type=&#8220;4_4&#8243; _builder_version=&#8220;4.9.2&#8243; _module_preset=&#8220;default&#8220;][et_pb_gallery gallery_ids=&#8220;847,846,845,844,843,842,841,840,839,838,837,836,835,834,833,832,831,830,829,828,827,826,825,824,823,822,821,820,819,818,817,816,815,814,813,812,811,810,809,808,807,806,805,804,803,802,801,800,799,798,797,796,795,794,793&#8243; posts_number=&#8220;16&#8243; show_title_and_caption=&#8220;off&#8220; _builder_version=&#8220;4.9.2&#8243; _module_preset=&#8220;default&#8220;][\/et_pb_gallery][\/et_pb_column][\/et_pb_row][\/et_pb_section]\n","protected":false},"excerpt":{"rendered":"","protected":false},"author":4,"featured_media":838,"comment_status":"closed","ping_status":"closed","sticky":false,"template":"","format":"standard","meta":{"_et_pb_use_builder":"on","_et_pb_old_content":"","_et_gb_content_width":"1080"},"categories":[9,7],"tags":[],"_links":{"self":[{"href":"https:\/\/www.nadacnifondkalich.cz\/index.php\/wp-json\/wp\/v2\/posts\/792"}],"collection":[{"href":"https:\/\/www.nadacnifondkalich.cz\/index.php\/wp-json\/wp\/v2\/posts"}],"about":[{"href":"https:\/\/www.nadacnifondkalich.cz\/index.php\/wp-json\/wp\/v2\/types\/post"}],"author":[{"embeddable":true,"href":"https:\/\/www.nadacnifondkalich.cz\/index.php\/wp-json\/wp\/v2\/users\/4"}],"replies":[{"embeddable":true,"href":"https:\/\/www.nadacnifondkalich.cz\/index.php\/wp-json\/wp\/v2\/comments?post=792"}],"version-history":[{"count":6,"href":"https:\/\/www.nadacnifondkalich.cz\/index.php\/wp-json\/wp\/v2\/posts\/792\/revisions"}],"predecessor-version":[{"id":1296,"href":"https:\/\/www.nadacnifondkalich.cz\/index.php\/wp-json\/wp\/v2\/posts\/792\/revisions\/1296"}],"wp:featuredmedia":[{"embeddable":true,"href":"https:\/\/www.nadacnifondkalich.cz\/index.php\/wp-json\/wp\/v2\/media\/838"}],"wp:attachment":[{"href":"https:\/\/www.nadacnifondkalich.cz\/index.php\/wp-json\/wp\/v2\/media?parent=792"}],"wp:term":[{"taxonomy":"category","embeddable":true,"href":"https:\/\/www.nadacnifondkalich.cz\/index.php\/wp-json\/wp\/v2\/categories?post=792"},{"taxonomy":"post_tag","embeddable":true,"href":"https:\/\/www.nadacnifondkalich.cz\/index.php\/wp-json\/wp\/v2\/tags?post=792"}],"curies":[{"name":"wp","href":"https:\/\/api.w.org\/{rel}","templated":true}]}}