{"id":656,"date":"2021-05-28T17:49:18","date_gmt":"2021-05-28T17:49:18","guid":{"rendered":"https:\/\/www.nadacnifondkalich.cz\/?p=656"},"modified":"2021-06-01T15:42:30","modified_gmt":"2021-06-01T15:42:30","slug":"koncert-eva-urbanova","status":"publish","type":"post","link":"https:\/\/www.nadacnifondkalich.cz\/index.php\/2021\/05\/28\/koncert-eva-urbanova\/","title":{"rendered":"Koncert Eva Urbanov\u00e1"},"content":{"rendered":"<p>[et_pb_section fb_built=&#8220;1&#8243; admin_label=&#8220;Collections&#8220; _builder_version=&#8220;3.22&#8243; custom_padding=&#8220;3px|0px|4px|0px||&#8220;][et_pb_row _builder_version=&#8220;3.25&#8243; custom_margin=&#8220;|auto|-2px|auto||&#8220; custom_padding=&#8220;1px||3px|||&#8220;][et_pb_column type=&#8220;4_4&#8243; _builder_version=&#8220;3.25&#8243; custom_padding=&#8220;|||&#8220; custom_padding__hover=&#8220;|||&#8220;][et_pb_text _builder_version=&#8220;4.9.2&#8243; text_font=&#8220;||||||||&#8220; header_font=&#8220;||||||||&#8220; header_text_align=&#8220;left&#8220; header_text_color=&#8220;#2b2b2b&#8220; header_line_height=&#8220;1.3em&#8220; header_2_font=&#8220;Playfair Display|700|||||||&#8220; header_2_text_align=&#8220;left&#8220; header_2_text_color=&#8220;#2b2b2b&#8220; header_2_font_size=&#8220;42px&#8220; header_2_line_height=&#8220;1.5em&#8220; text_orientation=&#8220;center&#8220; module_alignment=&#8220;center&#8220; custom_margin=&#8220;||10px|&#8220; custom_padding=&#8220;3px|||||&#8220; hover_enabled=&#8220;0&#8243; locked=&#8220;off&#8220; sticky_enabled=&#8220;0&#8243;]<\/p>\n<h2>26.09.2018 Eva Urbanov\u00e1<\/h2>\n<p>[\/et_pb_text][et_pb_divider color=&#8220;#f7d584&#8243; divider_weight=&#8220;3px&#8220; disabled_on=&#8220;on|on|off&#8220; _builder_version=&#8220;3.2&#8243; max_width=&#8220;80px&#8220; module_alignment=&#8220;left&#8220; height=&#8220;10px&#8220; custom_margin=&#8220;||20px|&#8220; animation_style=&#8220;slide&#8220; animation_direction=&#8220;bottom&#8220; saved_tabs=&#8220;all&#8220; locked=&#8220;off&#8220;][\/et_pb_divider][\/et_pb_column][\/et_pb_row][et_pb_row _builder_version=&#8220;4.9.2&#8243; _module_preset=&#8220;default&#8220;][et_pb_column type=&#8220;4_4&#8243; _builder_version=&#8220;4.9.2&#8243; _module_preset=&#8220;default&#8220;][et_pb_text _builder_version=&#8220;4.9.2&#8243; _module_preset=&#8220;default&#8220; max_width=&#8220;800px&#8220; custom_padding=&#8220;1px||22px|||&#8220;]<\/p>\n<p><strong>Se st\u00e1totvorn\u011b lad\u011bn\u00fdm koncertem po\u0159\u00e1dan\u00e9m u p\u0159\u00edle\u017eitosti 100. v\u00fdro\u010d\u00ed vzniku \u010ceskoslovensk\u00e9 republiky vystoupila v Litom\u011b\u0159ic\u00edch slavn\u00e1 opern\u00ed p\u011bvkyn\u011b Eva Urbanov\u00e1. Benefi\u010dn\u00ed koncert, jeho\u017e v\u00fdt\u011b\u017eek byl v\u011bnov\u00e1n Hospici sv. \u0160t\u011bp\u00e1na, po\u0159\u00e1dal ji\u017e posedm\u00e9 Nada\u010dn\u00ed fond Kalich s podporou m\u011bsta Litom\u011b\u0159ice. \u00a0<\/strong><\/p>\n<p><strong>Koncert se uskute\u010dnil 26. z\u00e1\u0159\u00ed 2018 od 19 hodin v Kulturn\u00edm a konferen\u010dn\u00edm centru Litom\u011b\u0159ice. Eva Urbanov\u00e1 vystoupila za doprovodu Moravsk\u00e9ho klav\u00edrn\u00edho tria. <\/strong><\/p>\n<p>Prvn\u00ed d\u00e1ma \u010desk\u00e9 opery a renomovan\u00fd brn\u011bnsk\u00fd ans\u00e1mbl oslavili stolet\u00e9 v\u00fdro\u010d\u00ed zalo\u017een\u00ed republiky za\u0159azen\u00edm nejslavn\u011bj\u0161\u00edch \u010desk\u00fdch autor\u016f. Eva Urbanov\u00e1 se p\u0159edstavila v mnoha rozd\u00edln\u00fdch rol\u00edch jako Libu\u0161e, Ma\u0159enka \u010di Vendulka v \u00e1ri\u00edch ze slavn\u00fdch oper Bed\u0159icha Smetany, d\u00e1le jako Fibichova \u0160\u00e1rka, Dvo\u0159\u00e1kova Rusalka \u010di J\u016flie. Program oko\u0159enil v\u00fdb\u011br z Dvo\u0159\u00e1kov\u00fdch Cig\u00e1nsk\u00fdch melodi\u00ed, obl\u00edben\u00e9 n\u00e1rodn\u00ed p\u00edsn\u011b Jana Masaryka a virtu\u00f3zn\u00ed skladby klav\u00edrn\u00edho tria. Vrcholem slavnostn\u00edho ve\u010dera byla \u00e1rie Kostelni\u010dky z Jan\u00e1\u010dkovy Jej\u00ed pastorkyn\u011b.<\/p>\n<p><strong>\u00a0<\/strong><\/p>\n<p><strong>Akce se konala v r\u00e1mci Litom\u011b\u0159ick\u00e9ho kulturn\u00edho l\u00e9ta a za\u0159azena byla na seznam v\u00fdznamn\u00fdch akc\u00ed p\u0159ipom\u00ednaj\u00edc\u00edch v Litom\u011b\u0159ic\u00edch 100. v\u00fdro\u010d\u00ed vzniku republiky.<\/strong><\/p>\n<p><strong>Nada\u010dn\u00ed fond Kalich tak pokra\u010duje v\u00a0s\u00e9rii benefi\u010dn\u00edch koncert\u016f, na nich\u017e se postupn\u011b p\u0159edstavily skupiny Hradi\u0161\u0165an, Spiritual Kvintet, Brat\u0159i Ebenov\u00e9, Ond\u0159ej Havelka a Melody Makers, The Tap Tap a loni trio opern\u00edch p\u011bvky\u0148 Andrea Kalivodov\u00e1, Tereza M\u00e1tlov\u00e1 a Pavl\u00edna Senic. <\/strong><\/p>\n<p><strong>\u00a0<\/strong><\/p>\n<p><strong>\u00a0<\/strong><\/p>\n<p><strong>\u00a0<\/strong><\/p>\n<p>[\/et_pb_text][\/et_pb_column][\/et_pb_row][\/et_pb_section][et_pb_section fb_built=&#8220;1&#8243; _builder_version=&#8220;4.9.2&#8243; _module_preset=&#8220;default&#8220; custom_padding=&#8220;2px|||||&#8220;][et_pb_row _builder_version=&#8220;4.9.2&#8243; _module_preset=&#8220;default&#8220;][et_pb_column type=&#8220;4_4&#8243; _builder_version=&#8220;4.9.2&#8243; _module_preset=&#8220;default&#8220;][et_pb_gallery gallery_ids=&#8220;686,685,684,683,682,681,680,679,677,678,676,675,674,673,672,671,670,669,668,667,666,665,664,663,661,662,660,658,659,657&#8243; posts_number=&#8220;16&#8243; show_title_and_caption=&#8220;off&#8220; _builder_version=&#8220;4.9.2&#8243; _module_preset=&#8220;default&#8220;][\/et_pb_gallery][\/et_pb_column][\/et_pb_row][\/et_pb_section]<\/p>\n","protected":false},"excerpt":{"rendered":"<p>[et_pb_section fb_built=&#8220;1&#8243; admin_label=&#8220;Collections&#8220; _builder_version=&#8220;3.22&#8243; custom_padding=&#8220;3px|0px|4px|0px||&#8220;][et_pb_row _builder_version=&#8220;3.25&#8243; custom_margin=&#8220;|auto|-2px|auto||&#8220; custom_padding=&#8220;1px||3px|||&#8220;][et_pb_column type=&#8220;4_4&#8243; _builder_version=&#8220;3.25&#8243; custom_padding=&#8220;|||&#8220; custom_padding__hover=&#8220;|||&#8220;][et_pb_text _builder_version=&#8220;4.9.2&#8243; text_font=&#8220;||||||||&#8220; header_font=&#8220;||||||||&#8220; header_text_align=&#8220;left&#8220; header_text_color=&#8220;#2b2b2b&#8220; header_line_height=&#8220;1.3em&#8220; header_2_font=&#8220;Playfair Display|700|||||||&#8220; header_2_text_align=&#8220;left&#8220; header_2_text_color=&#8220;#2b2b2b&#8220; header_2_font_size=&#8220;42px&#8220; header_2_line_height=&#8220;1.5em&#8220; text_orientation=&#8220;center&#8220; module_alignment=&#8220;center&#8220; custom_margin=&#8220;||10px|&#8220; custom_padding=&#8220;3px|||||&#8220; hover_enabled=&#8220;0&#8243; locked=&#8220;off&#8220; sticky_enabled=&#8220;0&#8243;] 26.09.2018 Eva Urbanov\u00e1 [\/et_pb_text][et_pb_divider color=&#8220;#f7d584&#8243; divider_weight=&#8220;3px&#8220; disabled_on=&#8220;on|on|off&#8220; _builder_version=&#8220;3.2&#8243; max_width=&#8220;80px&#8220; module_alignment=&#8220;left&#8220; height=&#8220;10px&#8220; custom_margin=&#8220;||20px|&#8220; animation_style=&#8220;slide&#8220; animation_direction=&#8220;bottom&#8220; saved_tabs=&#8220;all&#8220; locked=&#8220;off&#8220;][\/et_pb_divider][\/et_pb_column][\/et_pb_row][et_pb_row _builder_version=&#8220;4.9.2&#8243; _module_preset=&#8220;default&#8220;][et_pb_column type=&#8220;4_4&#8243; _builder_version=&#8220;4.9.2&#8243; _module_preset=&#8220;default&#8220;][et_pb_text _builder_version=&#8220;4.9.2&#8243; _module_preset=&#8220;default&#8220; max_width=&#8220;800px&#8220; [&hellip;]<\/p>\n","protected":false},"author":4,"featured_media":662,"comment_status":"closed","ping_status":"closed","sticky":false,"template":"","format":"standard","meta":{"_et_pb_use_builder":"on","_et_pb_old_content":"","_et_gb_content_width":"1080"},"categories":[9,7],"tags":[],"_links":{"self":[{"href":"https:\/\/www.nadacnifondkalich.cz\/index.php\/wp-json\/wp\/v2\/posts\/656"}],"collection":[{"href":"https:\/\/www.nadacnifondkalich.cz\/index.php\/wp-json\/wp\/v2\/posts"}],"about":[{"href":"https:\/\/www.nadacnifondkalich.cz\/index.php\/wp-json\/wp\/v2\/types\/post"}],"author":[{"embeddable":true,"href":"https:\/\/www.nadacnifondkalich.cz\/index.php\/wp-json\/wp\/v2\/users\/4"}],"replies":[{"embeddable":true,"href":"https:\/\/www.nadacnifondkalich.cz\/index.php\/wp-json\/wp\/v2\/comments?post=656"}],"version-history":[{"count":4,"href":"https:\/\/www.nadacnifondkalich.cz\/index.php\/wp-json\/wp\/v2\/posts\/656\/revisions"}],"predecessor-version":[{"id":1292,"href":"https:\/\/www.nadacnifondkalich.cz\/index.php\/wp-json\/wp\/v2\/posts\/656\/revisions\/1292"}],"wp:featuredmedia":[{"embeddable":true,"href":"https:\/\/www.nadacnifondkalich.cz\/index.php\/wp-json\/wp\/v2\/media\/662"}],"wp:attachment":[{"href":"https:\/\/www.nadacnifondkalich.cz\/index.php\/wp-json\/wp\/v2\/media?parent=656"}],"wp:term":[{"taxonomy":"category","embeddable":true,"href":"https:\/\/www.nadacnifondkalich.cz\/index.php\/wp-json\/wp\/v2\/categories?post=656"},{"taxonomy":"post_tag","embeddable":true,"href":"https:\/\/www.nadacnifondkalich.cz\/index.php\/wp-json\/wp\/v2\/tags?post=656"}],"curies":[{"name":"wp","href":"https:\/\/api.w.org\/{rel}","templated":true}]}}