{"id":2410,"date":"2026-02-23T07:30:24","date_gmt":"2026-02-23T07:30:24","guid":{"rendered":"https:\/\/www.nadacnifondkalich.cz\/?p=2410"},"modified":"2026-02-23T07:30:33","modified_gmt":"2026-02-23T07:30:33","slug":"podpora-a-motivace-sportovcu-je-dulezita","status":"publish","type":"post","link":"https:\/\/www.nadacnifondkalich.cz\/index.php\/2026\/02\/23\/podpora-a-motivace-sportovcu-je-dulezita\/","title":{"rendered":"Podpora a motivace sportovc\u016f je d\u016fle\u017eit\u00e1"},"content":{"rendered":"<p>[et_pb_section fb_built=&#8220;1&#8243; admin_label=&#8220;Collections&#8220; _builder_version=&#8220;3.22&#8243; custom_padding=&#8220;3px|0px|4px|0px||&#8220;][et_pb_row _builder_version=&#8220;3.25&#8243; custom_margin=&#8220;|auto|-2px|auto||&#8220; custom_padding=&#8220;1px||3px|||&#8220;][et_pb_column type=&#8220;4_4&#8243; _builder_version=&#8220;3.25&#8243; custom_padding=&#8220;|||&#8220; custom_padding__hover=&#8220;|||&#8220;][et_pb_divider color=&#8220;#f7d584&#8243; divider_weight=&#8220;3px&#8220; disabled_on=&#8220;on|on|off&#8220; _builder_version=&#8220;3.2&#8243; max_width=&#8220;80px&#8220; module_alignment=&#8220;left&#8220; height=&#8220;10px&#8220; custom_margin=&#8220;||20px|&#8220; animation_style=&#8220;slide&#8220; animation_direction=&#8220;bottom&#8220; saved_tabs=&#8220;all&#8220; locked=&#8220;off&#8220;][\/et_pb_divider][\/et_pb_column][\/et_pb_row][et_pb_row _builder_version=&#8220;4.9.2&#8243; _module_preset=&#8220;default&#8220;][et_pb_column type=&#8220;4_4&#8243; _builder_version=&#8220;4.9.2&#8243; _module_preset=&#8220;default&#8220;][et_pb_text _builder_version=&#8220;4.9.2&#8243; _module_preset=&#8220;default&#8220; max_width=&#8220;800px&#8220; custom_padding=&#8220;1px||22px|||&#8220;]<\/p>\n<p>[ 05.02.2026] Nada\u010dn\u00ed fond Kalich byl i letos hrd\u00fdm partnerem ankety Sportovec Litom\u011b\u0159icka 2025. Ceny \u00fasp\u011b\u0161n\u00fdm za n\u011bj p\u0159ed\u00e1vali Ladislav Chlup\u00e1\u010d a Eva B\u0159e\u0148ov\u00e1. Slavnostn\u00ed ve\u010der se i tentokr\u00e1t konal v Centru kultury Lovo\u0161 a kr\u00e1lem ve\u010dera se stal vesla\u0159 Miroslav Vok\u00e1lek z VK Slavoj Litom\u011b\u0159ice. Z\u00edskal toti\u017e titul Sportovec roku 2025 Litom\u011b\u0159icka.<\/p>\n<p>Jeho uplynul\u00e1 sezona byla doslova nabit\u00e1: 1. m\u00edsto na mistrovstv\u00ed sv\u011bta U23 v p\u00e1rov\u00e9 \u010dty\u0159ce, k tomu 3. m\u00edsto na M\u010cR na skifu (dlouh\u00e1 dr\u00e1ha) a 2. m\u00edsto na M\u010cR na vesla\u0159sk\u00e9m trena\u017e\u00e9ru (v\u0161e v kategorii U23).<\/p>\n<p>Ocen\u011bn\u00ed skl\u00edzeli i dal\u0161\u00ed \u00fasp\u011b\u0161n\u00ed sportovci Litom\u011b\u0159icka. Bylo n\u00e1dhern\u00e9 vid\u011bt na jednom m\u00edst\u011b tolik talentovan\u00fdch d\u011bt\u00ed, dorostenc\u016f i dosp\u011bl\u00fdch, jednotlivce i kolektivy \u2013 a nechyb\u011bla ani kategorie Masters. Za ka\u017edou medail\u00ed, ka\u017ed\u00fdm poh\u00e1rem a ka\u017ed\u00fdm potleskem je obrovsk\u00e9 mno\u017estv\u00ed pr\u00e1ce, p\u00edle, od\u0159\u00edk\u00e1n\u00ed\u2026 a tak\u00e9 nesm\u00edrn\u011b d\u016fle\u017eit\u00e1 podpora tren\u00e9r\u016f a tren\u00e9rek, rodi\u010d\u016f, kte\u0159\u00ed stoj\u00ed v pozad\u00ed \u00fasp\u011bch\u016f \u010dasto stejn\u011b pevn\u011b jako samotn\u00ed sportovci. Od srdce v\u0161em gratulujeme.<\/p>\n<p><strong>KOMPLETN\u00cd V\u00ddSLEDKY:<\/strong><\/p>\n<p><strong>Dosp\u011bl\u00ed \u2013 jednotlivci<\/strong><br \/><span>\u00a0<\/span>1. Vok\u00e1lek Miroslav | VK Slavoj Litom\u011b\u0159ice | veslov\u00e1n\u00ed<br \/><span>\u00a0<\/span>2. Chot\u011bborsk\u00fd Pavel | Lovci Lovosice | h\u00e1zen\u00e1<br \/><span>\u00a0<\/span>3. Svoboda Jan | Sport Judo Litom\u011b\u0159ice | judo (81 kg)<br \/><span>\u00a0<\/span>4. \u010cupr Michal | Slavoj Litom\u011b\u0159ice | \u0161erm<br \/><span>\u00a0<\/span>5. Ma\u0161ek Jan | Sport Judo Litom\u011b\u0159ice | judo (+100 kg)<br \/><span>\u00a0<\/span>6. Dyrynkov\u00e1 Barbora | Polerina Roudnice nad Labem | pole dance<br \/><span>\u00a0<\/span>7. Lutka Filip | ASK Lovosice \u2013 SK kickboxu | kickbox (84 kg)<br \/><span>\u00a0<\/span>8. Netrh Vojt\u011bch | Plaveck\u00fd klub Litom\u011b\u0159ice | plav\u00e1n\u00ed<\/p>\n<p><strong>Dosp\u011bl\u00ed \u2013 kolektivy<\/strong><br \/><span>\u00a0<\/span>1. Lovci Lovosice (mu\u017ei) | h\u00e1zen\u00e1<br \/><span>\u00a0<\/span>2. Sport Judo Litom\u011b\u0159ice (mu\u017ei) | judo<br \/><span>\u00a0<\/span>3. HC Stadion Litom\u011b\u0159ice (mu\u017ei) | hokej<\/p>\n<p><strong>Ml\u00e1de\u017e \u2013 jednotlivci<\/strong><br \/><span>\u00a0<\/span>1. Sm\u011bl\u00fd Jaroslav ml. | ASK Lovosice | atletika<br \/><span>\u00a0<\/span>2. Vok\u00e1lkov\u00e1 Jana | VK Slavoj Litom\u011b\u0159ice | veslov\u00e1n\u00ed<br \/><span>\u00a0<\/span>3. Lebdu\u0161kov\u00e1 Zorka | Plaveck\u00fd klub Litom\u011b\u0159ice | plav\u00e1n\u00ed<br \/><span>\u00a0<\/span>4. Pol\u00e1kov\u00e1 Nela | Plaveck\u00fd klub Roudnice | plav\u00e1n\u00ed<br \/><span>\u00a0<\/span>5. Hojdarov\u00e1 \u0160t\u011bp\u00e1nka | Sport Judo Litom\u011b\u0159ice | judo (78 kg)<br \/><span>\u00a0<\/span>6. Opo\u010densk\u00e1 Patricie | Polerina Roudnice nad Labem | pole dance<br \/><span>\u00a0<\/span>6. Nedorostov\u00e1 Monika | ASK Lovosice | atletika<br \/><span>\u00a0<\/span>8. \u010cepi\u010dkov\u00e1 Ane\u017eka | Shotokan Klub Rajchert Lovosice | karate (+45 kg)<br \/><span>\u00a0<\/span>9. Nov\u00e1k J\u00e1chym | Lovci Lovosice | h\u00e1zen\u00e1<br \/><span>\u00a0<\/span>10. Ka\u010dur Dan | ASK Lovosice | atletika<\/p>\n<p><strong>Ml\u00e1de\u017e \u2013 kolektivy<\/strong><br \/><span>\u00a0<\/span>1. Lovci Lovosice | star\u0161\u00ed dorost | h\u00e1zen\u00e1<br \/><span>\u00a0<\/span>2. Plaveck\u00fd klub Litom\u011b\u0159ice | star\u0161\u00ed \u017ea\u010dky | plav\u00e1n\u00ed<br \/><span>\u00a0<\/span>3. Slavoj BK Litom\u011b\u0159ice | kategorie U14 | basketbal<br \/><span>\u00a0<\/span>3. VK Slavoj Litom\u011b\u0159ice | \u017e\u00e1kyn\u011b star\u0161\u00ed \u2013 dvojskif | veslov\u00e1n\u00ed<br \/><span>\u00a0<\/span>5. Slavoj Litom\u011b\u0159ice | \u017e\u00e1kyn\u011b | \u0161erm<\/p>\n<p><strong>Individu\u00e1ln\u00ed ocen\u011bn\u00ed<\/strong><\/p>\n<p>Masters: Pra\u017e\u00e1k Ale\u0161 | VK Slavoj Litom\u011b\u0159ice | veslov\u00e1n\u00ed<br \/><span>\u00a0<\/span>Tren\u00e9r: Pavl\u00edk Miroslav | ASK Lovosice | atletika<br \/><span>\u00a0<\/span>Handicap: R\u016f\u017ei\u010dkov\u00e1 Alena | SK Parta Litom\u011b\u0159icko | cyklistika<br \/><span>\u00a0<\/span>V internetov\u00e9m hlasov\u00e1n\u00ed ve\u0159ejnosti z\u00edskala nejv\u00edce hlas\u016f Nela Pol\u00e1kov\u00e1 (Plaveck\u00fd klub Roudnice &#8211; plav\u00e1n\u00ed)<\/p>\n<p>Foto: Ji\u0159\u00ed Precl\u00edk RT \u00dastecko<\/p>\n<p><span style=\"font-size: 14px;\">.<\/span><\/p>\n<p>[\/et_pb_text][\/et_pb_column][\/et_pb_row][\/et_pb_section][et_pb_section fb_built=&#8220;1&#8243; _builder_version=&#8220;4.9.2&#8243; _module_preset=&#8220;default&#8220; custom_padding=&#8220;2px|||||&#8220;][et_pb_row _builder_version=&#8220;4.9.2&#8243; _module_preset=&#8220;default&#8220;][et_pb_column type=&#8220;4_4&#8243; _builder_version=&#8220;4.9.2&#8243; _module_preset=&#8220;default&#8220;][et_pb_gallery gallery_ids=&#8220;2413,2414,2415,2416,2417,2418,2419,2420,2421,2422,2423,2424&#8243; posts_number=&#8220;16&#8243; show_title_and_caption=&#8220;off&#8220; _builder_version=&#8220;4.9.2&#8243; _module_preset=&#8220;default&#8220;][\/et_pb_gallery][\/et_pb_column][\/et_pb_row][\/et_pb_section]<\/p>\n","protected":false},"excerpt":{"rendered":"<p>[et_pb_section fb_built=&#8220;1&#8243; admin_label=&#8220;Collections&#8220; _builder_version=&#8220;3.22&#8243; custom_padding=&#8220;3px|0px|4px|0px||&#8220;][et_pb_row _builder_version=&#8220;3.25&#8243; custom_margin=&#8220;|auto|-2px|auto||&#8220; custom_padding=&#8220;1px||3px|||&#8220;][et_pb_column type=&#8220;4_4&#8243; _builder_version=&#8220;3.25&#8243; custom_padding=&#8220;|||&#8220; custom_padding__hover=&#8220;|||&#8220;][et_pb_divider color=&#8220;#f7d584&#8243; divider_weight=&#8220;3px&#8220; disabled_on=&#8220;on|on|off&#8220; _builder_version=&#8220;3.2&#8243; max_width=&#8220;80px&#8220; module_alignment=&#8220;left&#8220; height=&#8220;10px&#8220; custom_margin=&#8220;||20px|&#8220; animation_style=&#8220;slide&#8220; animation_direction=&#8220;bottom&#8220; saved_tabs=&#8220;all&#8220; locked=&#8220;off&#8220;][\/et_pb_divider][\/et_pb_column][\/et_pb_row][et_pb_row _builder_version=&#8220;4.9.2&#8243; _module_preset=&#8220;default&#8220;][et_pb_column type=&#8220;4_4&#8243; _builder_version=&#8220;4.9.2&#8243; _module_preset=&#8220;default&#8220;][et_pb_text _builder_version=&#8220;4.9.2&#8243; _module_preset=&#8220;default&#8220; max_width=&#8220;800px&#8220; custom_padding=&#8220;1px||22px|||&#8220;] [ 05.02.2026] Nada\u010dn\u00ed fond Kalich byl i letos hrd\u00fdm partnerem ankety Sportovec Litom\u011b\u0159icka 2025. Ceny \u00fasp\u011b\u0161n\u00fdm za n\u011bj p\u0159ed\u00e1vali Ladislav Chlup\u00e1\u010d a [&hellip;]<\/p>\n","protected":false},"author":4,"featured_media":2408,"comment_status":"closed","ping_status":"closed","sticky":false,"template":"","format":"standard","meta":{"_et_pb_use_builder":"on","_et_pb_old_content":"","_et_gb_content_width":"1080"},"categories":[9,14],"tags":[],"_links":{"self":[{"href":"https:\/\/www.nadacnifondkalich.cz\/index.php\/wp-json\/wp\/v2\/posts\/2410"}],"collection":[{"href":"https:\/\/www.nadacnifondkalich.cz\/index.php\/wp-json\/wp\/v2\/posts"}],"about":[{"href":"https:\/\/www.nadacnifondkalich.cz\/index.php\/wp-json\/wp\/v2\/types\/post"}],"author":[{"embeddable":true,"href":"https:\/\/www.nadacnifondkalich.cz\/index.php\/wp-json\/wp\/v2\/users\/4"}],"replies":[{"embeddable":true,"href":"https:\/\/www.nadacnifondkalich.cz\/index.php\/wp-json\/wp\/v2\/comments?post=2410"}],"version-history":[{"count":2,"href":"https:\/\/www.nadacnifondkalich.cz\/index.php\/wp-json\/wp\/v2\/posts\/2410\/revisions"}],"predecessor-version":[{"id":2426,"href":"https:\/\/www.nadacnifondkalich.cz\/index.php\/wp-json\/wp\/v2\/posts\/2410\/revisions\/2426"}],"wp:featuredmedia":[{"embeddable":true,"href":"https:\/\/www.nadacnifondkalich.cz\/index.php\/wp-json\/wp\/v2\/media\/2408"}],"wp:attachment":[{"href":"https:\/\/www.nadacnifondkalich.cz\/index.php\/wp-json\/wp\/v2\/media?parent=2410"}],"wp:term":[{"taxonomy":"category","embeddable":true,"href":"https:\/\/www.nadacnifondkalich.cz\/index.php\/wp-json\/wp\/v2\/categories?post=2410"},{"taxonomy":"post_tag","embeddable":true,"href":"https:\/\/www.nadacnifondkalich.cz\/index.php\/wp-json\/wp\/v2\/tags?post=2410"}],"curies":[{"name":"wp","href":"https:\/\/api.w.org\/{rel}","templated":true}]}}