{"id":2317,"date":"2025-11-14T14:47:03","date_gmt":"2025-11-14T14:47:03","guid":{"rendered":"https:\/\/www.nadacnifondkalich.cz\/?p=2317"},"modified":"2025-11-14T14:47:09","modified_gmt":"2025-11-14T14:47:09","slug":"festival-svobody-v-litomericich-korzo-park-studentsky-festival-koncert-merty-i-pruvod-se-svickami","status":"publish","type":"post","link":"https:\/\/www.nadacnifondkalich.cz\/index.php\/2025\/11\/14\/festival-svobody-v-litomericich-korzo-park-studentsky-festival-koncert-merty-i-pruvod-se-svickami\/","title":{"rendered":"Festival svobody v Litom\u011b\u0159ic\u00edch: Korzo park, studentsk\u00fd festival, koncert Merty i pr\u016fvod se sv\u00ed\u010dkami"},"content":{"rendered":"<p>[et_pb_section fb_built=&#8220;1&#8243; admin_label=&#8220;Collections&#8220; _builder_version=&#8220;3.22&#8243; custom_padding=&#8220;1px|0px|4px|0px||&#8220;][et_pb_row _builder_version=&#8220;3.25&#8243; custom_margin=&#8220;-2px|auto|-2px|auto||&#8220; custom_padding=&#8220;4px||3px|||&#8220;][et_pb_column type=&#8220;4_4&#8243; _builder_version=&#8220;3.25&#8243; custom_padding=&#8220;|||&#8220; custom_padding__hover=&#8220;|||&#8220;][et_pb_divider color=&#8220;#f7d584&#8243; divider_weight=&#8220;3px&#8220; disabled_on=&#8220;on|on|off&#8220; _builder_version=&#8220;3.2&#8243; max_width=&#8220;80px&#8220; module_alignment=&#8220;left&#8220; height=&#8220;10px&#8220; custom_margin=&#8220;||20px|&#8220; animation_style=&#8220;slide&#8220; animation_direction=&#8220;bottom&#8220; saved_tabs=&#8220;all&#8220; locked=&#8220;off&#8220;][\/et_pb_divider][\/et_pb_column][\/et_pb_row][et_pb_row _builder_version=&#8220;4.9.2&#8243; _module_preset=&#8220;default&#8220;][et_pb_column type=&#8220;4_4&#8243; _builder_version=&#8220;4.9.2&#8243; _module_preset=&#8220;default&#8220;][et_pb_text _builder_version=&#8220;4.9.2&#8243; _module_preset=&#8220;default&#8220; max_width=&#8220;800px&#8220; custom_padding=&#8220;||1px|0px||&#8220; hover_enabled=&#8220;0&#8243; sticky_enabled=&#8220;0&#8243;]<\/p>\n<div class=\"field field-perex\">\n<p>Leto\u0161n\u00ed oslavy 17. listopadu prob\u011bhnou v Litom\u011b\u0159ic\u00edch jinak ne\u017e v minul\u00fdch letech. Zat\u00edmco \u0159adu p\u0159edchoz\u00edch let po\u0159\u00e1dal Nada\u010dn\u00ed fond Kalich setk\u00e1n\u00ed na M\u00edrov\u00e9m n\u00e1m\u011bst\u00ed u pam\u00e1tn\u00edku 17. listopadu, letos inicioval spojen\u00ed m\u00edstn\u00edch ob\u010dansk\u00fdch iniciativ a vznikl spole\u010dn\u00fd projekt &#8211; dvoudenn\u00ed program, kter\u00fd v ned\u011bli 16. a v pond\u011bl\u00ed 17. listopadu propoj\u00ed hudbu, divadlo, \u010dten\u00ed a poezii s \u00fa\u010dast\u00ed ve\u0159ejnosti.<\/p>\n<p>Akce za\u010d\u00edn\u00e1 v ned\u011bli 16.11. v 17 hodin v hospod\u011b U Letn\u00edho kina studentsk\u00fdm ve\u010derem po\u0159\u00e1dan\u00fdm iniciativou Litom\u011b\u0159ice aktivn\u011b, kde je na programu mj. divadlo Kr\u00e1la a Holy Vyktoria, divadlo LI-Di, Curly Jazz Quartett + Jasmina, Tzeol a spol. S \u00favodn\u00edm proslovem vystoup\u00ed m\u00edstn\u00ed evangelick\u00fd far\u00e1\u0159 a spoluzakladatel spolku Milion chvilek Benjamin Roll.<\/p>\n<p>Program pokra\u010duje v pond\u011bl\u00ed v samotn\u00fd den oslav. Od 15 do 17 hodin se m\u016f\u017eete t\u011b\u0161it na \u201eKorzo park\u201c v parku V\u00e1clava Havla. \u201eInspirac\u00ed n\u00e1m bylo pra\u017esk\u00e9 korzo N\u00e1rodn\u00ed. Chceme na jednom m\u00edst\u011b zhmotnit pestrost litom\u011b\u0159ick\u00e9 ob\u010dansk\u00e9 spole\u010dnosti,\u201c popisuje jeden z organiz\u00e1tor\u016f, far\u00e1\u0159 Benjamin Roll. V parku budou rozm\u00edst\u011bna stanovi\u0161t\u011b r\u016fzn\u00fdch neziskov\u00fdch organizac\u00ed, spolk\u016f, studentsk\u00fdch iniciativ m\u00edstn\u00edch st\u0159edn\u00edch \u0161kol i lok\u00e1ln\u00edch bun\u011bk politick\u00fdch stran. T\u011b\u0161it se m\u016f\u017eete i na \u201chyde park\u201d tedy otev\u0159en\u00fd mikrofon s mo\u017enost\u00ed vyj\u00e1d\u0159it se v omezen\u00e9m \u010dase k \u010demukoliv, co v\u00e1s ve m\u011bst\u011b \u010di cel\u00e9 republice zaj\u00edm\u00e1 a tr\u00e1p\u00ed. Slavnostn\u00ed zah\u00e1jen\u00ed v 15 hodin doprovod\u00ed st\u00e1tn\u00ed hymna v pod\u00e1n\u00ed p\u011bveck\u00e9ho sboru Cantica Bohemica a sv\u011bteln\u00e9 vystoupen\u00ed Vox Luminas. \u010cestnou str\u00e1\u017e u busty V\u00e1clava Havla budou i letos dr\u017eet skauti. \u201eAkce nem\u00e1 \u017e\u00e1dn\u00e9 politick\u00e9 znam\u00e9nko, je to v\u0161eobj\u00edmaj\u00edc\u00ed oslava svobody,\u201d dopl\u0148uje dal\u0161\u00ed z organiz\u00e1tor\u016f Renata V\u00e1\u0161ov\u00e1.<\/p>\n<p>Festival svobody zakon\u010d\u00ed v horn\u00edm s\u00e1le nedalek\u00e9 hosp\u016fdky Pivovarsk\u00e1 d\u00edlna komorn\u00ed koncert Vladim\u00edra Merty, pat\u0159\u00edc\u00edho k osobnostem \u010desk\u00e9 kultury, kter\u00e9 se v dob\u011b normalizace neb\u00e1ly projevovat nez\u00e1visl\u00e9 n\u00e1zory a tvorbou p\u0159ipom\u00ednaly s\u00edlu svobody slova. Kapacita s\u00e1lu je omezena, rezervace nen\u00ed mo\u017en\u00e1. Za\u010d\u00e1tek je v 17.30 hodin, dovnit\u0159 s\u00e1lu se bude pou\u0161t\u011bt \u00faderem 17. hodiny. \u201cPomyslnou te\u010dku u\u010din\u00ed po skon\u010den\u00ed koncertu pr\u016fvod se sv\u00ed\u010dkami vedouc\u00ed na M\u00edrov\u00e9 n\u00e1m\u011bst\u00ed k pam\u00e1tn\u00edku 17. listopadu,\u201d upozornil p\u0159edseda spr\u00e1vn\u00ed rady Nada\u010dn\u00edho fondu Kalich Alexandr Vondra.<\/p>\n<p>Litom\u011b\u0159ick\u00fd Festival svobody po\u0159\u00e1d\u00e1 iniciativa 17. listopad v Litom\u011b\u0159ic\u00edch, skupina Litom\u011b\u0159ice aktivn\u011b a Nada\u010dn\u00ed fond Kalich ve spolupr\u00e1ci s \u0159adou spolk\u016f, m\u00edstn\u00edch iniciativ, student\u016f st\u0159edn\u00edch \u0161kol, evangelick\u00e9ho sboru a dal\u0161\u00edch ob\u010dan\u016f, a to za podpory m\u011bsta Litom\u011b\u0159ice. Akce je sou\u010d\u00e1st\u00ed celost\u00e1tn\u00edho Festivalu svobody, kter\u00fd se kon\u00e1 na mnoha m\u00edstech \u010cesk\u00e9 republiky.<\/p>\n<p>&nbsp;<\/p>\n<p>&nbsp;<\/p>\n<\/div>\n<p>[\/et_pb_text][\/et_pb_column][\/et_pb_row][\/et_pb_section][et_pb_section fb_built=&#8220;1&#8243; _builder_version=&#8220;4.9.2&#8243; _module_preset=&#8220;default&#8220; custom_padding=&#8220;2px|||||&#8220;][\/et_pb_section]<\/p>\n","protected":false},"excerpt":{"rendered":"<p>[et_pb_section fb_built=&#8220;1&#8243; admin_label=&#8220;Collections&#8220; _builder_version=&#8220;3.22&#8243; custom_padding=&#8220;1px|0px|4px|0px||&#8220;][et_pb_row _builder_version=&#8220;3.25&#8243; custom_margin=&#8220;-2px|auto|-2px|auto||&#8220; custom_padding=&#8220;4px||3px|||&#8220;][et_pb_column type=&#8220;4_4&#8243; _builder_version=&#8220;3.25&#8243; custom_padding=&#8220;|||&#8220; custom_padding__hover=&#8220;|||&#8220;][et_pb_divider color=&#8220;#f7d584&#8243; divider_weight=&#8220;3px&#8220; disabled_on=&#8220;on|on|off&#8220; _builder_version=&#8220;3.2&#8243; max_width=&#8220;80px&#8220; module_alignment=&#8220;left&#8220; height=&#8220;10px&#8220; custom_margin=&#8220;||20px|&#8220; animation_style=&#8220;slide&#8220; animation_direction=&#8220;bottom&#8220; saved_tabs=&#8220;all&#8220; locked=&#8220;off&#8220;][\/et_pb_divider][\/et_pb_column][\/et_pb_row][et_pb_row _builder_version=&#8220;4.9.2&#8243; _module_preset=&#8220;default&#8220;][et_pb_column type=&#8220;4_4&#8243; _builder_version=&#8220;4.9.2&#8243; _module_preset=&#8220;default&#8220;][et_pb_text _builder_version=&#8220;4.9.2&#8243; _module_preset=&#8220;default&#8220; max_width=&#8220;800px&#8220; custom_padding=&#8220;||1px|0px||&#8220; hover_enabled=&#8220;0&#8243; sticky_enabled=&#8220;0&#8243;] Leto\u0161n\u00ed oslavy 17. listopadu prob\u011bhnou v Litom\u011b\u0159ic\u00edch jinak ne\u017e v minul\u00fdch letech. Zat\u00edmco \u0159adu p\u0159edchoz\u00edch let po\u0159\u00e1dal Nada\u010dn\u00ed fond Kalich [&hellip;]<\/p>\n","protected":false},"author":4,"featured_media":2296,"comment_status":"closed","ping_status":"closed","sticky":false,"template":"","format":"standard","meta":{"_et_pb_use_builder":"on","_et_pb_old_content":"","_et_gb_content_width":"1080"},"categories":[9,10],"tags":[],"_links":{"self":[{"href":"https:\/\/www.nadacnifondkalich.cz\/index.php\/wp-json\/wp\/v2\/posts\/2317"}],"collection":[{"href":"https:\/\/www.nadacnifondkalich.cz\/index.php\/wp-json\/wp\/v2\/posts"}],"about":[{"href":"https:\/\/www.nadacnifondkalich.cz\/index.php\/wp-json\/wp\/v2\/types\/post"}],"author":[{"embeddable":true,"href":"https:\/\/www.nadacnifondkalich.cz\/index.php\/wp-json\/wp\/v2\/users\/4"}],"replies":[{"embeddable":true,"href":"https:\/\/www.nadacnifondkalich.cz\/index.php\/wp-json\/wp\/v2\/comments?post=2317"}],"version-history":[{"count":2,"href":"https:\/\/www.nadacnifondkalich.cz\/index.php\/wp-json\/wp\/v2\/posts\/2317\/revisions"}],"predecessor-version":[{"id":2320,"href":"https:\/\/www.nadacnifondkalich.cz\/index.php\/wp-json\/wp\/v2\/posts\/2317\/revisions\/2320"}],"wp:featuredmedia":[{"embeddable":true,"href":"https:\/\/www.nadacnifondkalich.cz\/index.php\/wp-json\/wp\/v2\/media\/2296"}],"wp:attachment":[{"href":"https:\/\/www.nadacnifondkalich.cz\/index.php\/wp-json\/wp\/v2\/media?parent=2317"}],"wp:term":[{"taxonomy":"category","embeddable":true,"href":"https:\/\/www.nadacnifondkalich.cz\/index.php\/wp-json\/wp\/v2\/categories?post=2317"},{"taxonomy":"post_tag","embeddable":true,"href":"https:\/\/www.nadacnifondkalich.cz\/index.php\/wp-json\/wp\/v2\/tags?post=2317"}],"curies":[{"name":"wp","href":"https:\/\/api.w.org\/{rel}","templated":true}]}}