{"id":1967,"date":"2023-05-01T11:25:20","date_gmt":"2023-05-01T11:25:20","guid":{"rendered":"https:\/\/www.nadacnifondkalich.cz\/?p=1967"},"modified":"2023-05-01T11:34:39","modified_gmt":"2023-05-01T11:34:39","slug":"beneficni-koncert-pro-hospic-sv-stepana","status":"publish","type":"post","link":"https:\/\/www.nadacnifondkalich.cz\/index.php\/2023\/05\/01\/beneficni-koncert-pro-hospic-sv-stepana\/","title":{"rendered":"Benefi\u010dn\u00ed koncert pro Hospic sv. \u0160t\u011bp\u00e1na"},"content":{"rendered":"<p>[et_pb_section fb_built=&#8220;1&#8243; admin_label=&#8220;Collections&#8220; _builder_version=&#8220;3.22&#8243; custom_padding=&#8220;1px|0px|4px|0px||&#8220;][et_pb_row _builder_version=&#8220;4.9.2&#8243; custom_margin=&#8220;-2px|auto|-2px|auto||&#8220; custom_padding=&#8220;4px||3px|||&#8220;][et_pb_column type=&#8220;4_4&#8243; _builder_version=&#8220;3.25&#8243; custom_padding=&#8220;|||&#8220; custom_padding__hover=&#8220;|||&#8220;][et_pb_text _builder_version=&#8220;4.9.2&#8243; text_font=&#8220;||||||||&#8220; header_font=&#8220;||||||||&#8220; header_text_align=&#8220;left&#8220; header_text_color=&#8220;#2b2b2b&#8220; header_line_height=&#8220;1.3em&#8220; header_2_font=&#8220;Playfair Display|700|||||||&#8220; header_2_text_align=&#8220;left&#8220; header_2_text_color=&#8220;#2b2b2b&#8220; header_2_font_size=&#8220;42px&#8220; header_2_line_height=&#8220;1.5em&#8220; text_orientation=&#8220;center&#8220; module_alignment=&#8220;center&#8220; custom_margin=&#8220;||10px|&#8220; custom_padding=&#8220;||0px|||&#8220; locked=&#8220;off&#8220;]<\/p>\n<h2>08.06.2023 David Koller<\/h2>\n<p>[\/et_pb_text][et_pb_divider color=&#8220;#f7d584&#8243; divider_weight=&#8220;3px&#8220; disabled_on=&#8220;on|on|off&#8220; _builder_version=&#8220;3.2&#8243; max_width=&#8220;80px&#8220; module_alignment=&#8220;left&#8220; height=&#8220;10px&#8220; custom_margin=&#8220;||20px|&#8220; animation_style=&#8220;slide&#8220; animation_direction=&#8220;bottom&#8220; saved_tabs=&#8220;all&#8220; locked=&#8220;off&#8220;][\/et_pb_divider][\/et_pb_column][\/et_pb_row][et_pb_row _builder_version=&#8220;4.9.2&#8243; _module_preset=&#8220;default&#8220;][et_pb_column type=&#8220;4_4&#8243; _builder_version=&#8220;4.9.2&#8243; _module_preset=&#8220;default&#8220;][et_pb_text _builder_version=&#8220;4.9.2&#8243; _module_preset=&#8220;default&#8220; max_width=&#8220;800px&#8220;]<\/p>\n<div class=\"field field-perex\">\n<div class=\"xdj266r x11i5rnm xat24cr x1mh8g0r x1vvkbs\"><strong>08. 06.<\/strong> <strong>v 18:00<\/strong> po\u0159\u00e1d\u00e1 Nada\u010dn\u00ed fond Kalich dal\u0161\u00ed benefi\u010dn\u00ed koncert, jeho\u017e cel\u00fd v\u00fdt\u011b\u017eek ze vstupn\u00e9ho op\u011bt bude v\u011bnov\u00e1n Hospici sv. \u0160t\u011bp\u00e1na.<br \/>Jak\u00e1 \u010d\u00e1stka to bude z\u00e1le\u017e\u00ed jen na v\u00e1s.<\/div>\n<div class=\"x11i5rnm xat24cr x1mh8g0r x1vvkbs xtlvy1s\"><strong>Letn\u00ed kino na St\u0159eleck\u00e9m ostrov\u011b<\/strong> tentokr\u00e1t rozezvu\u010d\u00ed \u010desk\u00fd rockov\u00fd zp\u011bv\u00e1k, skladatel a buben\u00edk <strong>David Koller<\/strong>.<\/div>\n<div class=\"x11i5rnm xat24cr x1mh8g0r x1vvkbs xtlvy1s\">Skv\u011bl\u00fd hudebn\u00ed z\u00e1\u017eitek propoj\u00edte s pocitem, \u017ee jste podpo\u0159ili Hospic sv. \u0160t\u011bp\u00e1na.<br \/>T\u011b\u0161\u00edme se na v\u00e1s.<\/div>\n<div class=\"x11i5rnm xat24cr x1mh8g0r x1vvkbs xtlvy1s\">\n<div class=\"x1i10hfl xjbqb8w x6umtig x1b1mbwd xaqea5y xav7gou x9f619 x1ypdohk xt0psk2 xe8uvvx xdj266r x11i5rnm xat24cr x1mh8g0r xexx8yu x4uap5 x18d9i69 xkhd6sd x16tdsg8 x1hl2dhg xggy1nq x1a2a7pz xt0b8zv xzsf02u x1s688f\" role=\"button\" tabindex=\"0\"><\/div>\n<\/div>\n<\/div>\n<div class=\"field body\" data-io-article-url=\"https:\/\/sever.rozhlas.cz\/litomerice-odhalily-bustu-vaclava-havla-6878621\"><\/div>\n<p>[\/et_pb_text][\/et_pb_column][\/et_pb_row][\/et_pb_section][et_pb_section fb_built=&#8220;1&#8243; _builder_version=&#8220;4.9.2&#8243; _module_preset=&#8220;default&#8220; custom_padding=&#8220;2px|||||&#8220;][et_pb_row _builder_version=&#8220;4.9.2&#8243; _module_preset=&#8220;default&#8220;][et_pb_column type=&#8220;4_4&#8243; _builder_version=&#8220;4.9.2&#8243; _module_preset=&#8220;default&#8220;][et_pb_gallery gallery_ids=&#8220;1961&#8243; posts_number=&#8220;16&#8243; show_title_and_caption=&#8220;off&#8220; _builder_version=&#8220;4.9.2&#8243; _module_preset=&#8220;default&#8220; hover_enabled=&#8220;0&#8243; sticky_enabled=&#8220;0&#8243;][\/et_pb_gallery][\/et_pb_column][\/et_pb_row][\/et_pb_section]<\/p>\n","protected":false},"excerpt":{"rendered":"<p>[et_pb_section fb_built=&#8220;1&#8243; admin_label=&#8220;Collections&#8220; _builder_version=&#8220;3.22&#8243; custom_padding=&#8220;1px|0px|4px|0px||&#8220;][et_pb_row _builder_version=&#8220;4.9.2&#8243; custom_margin=&#8220;-2px|auto|-2px|auto||&#8220; custom_padding=&#8220;4px||3px|||&#8220;][et_pb_column type=&#8220;4_4&#8243; _builder_version=&#8220;3.25&#8243; custom_padding=&#8220;|||&#8220; custom_padding__hover=&#8220;|||&#8220;][et_pb_text _builder_version=&#8220;4.9.2&#8243; text_font=&#8220;||||||||&#8220; header_font=&#8220;||||||||&#8220; header_text_align=&#8220;left&#8220; header_text_color=&#8220;#2b2b2b&#8220; header_line_height=&#8220;1.3em&#8220; header_2_font=&#8220;Playfair Display|700|||||||&#8220; header_2_text_align=&#8220;left&#8220; header_2_text_color=&#8220;#2b2b2b&#8220; header_2_font_size=&#8220;42px&#8220; header_2_line_height=&#8220;1.5em&#8220; text_orientation=&#8220;center&#8220; module_alignment=&#8220;center&#8220; custom_margin=&#8220;||10px|&#8220; custom_padding=&#8220;||0px|||&#8220; locked=&#8220;off&#8220;] 08.06.2023 David Koller [\/et_pb_text][et_pb_divider color=&#8220;#f7d584&#8243; divider_weight=&#8220;3px&#8220; disabled_on=&#8220;on|on|off&#8220; _builder_version=&#8220;3.2&#8243; max_width=&#8220;80px&#8220; module_alignment=&#8220;left&#8220; height=&#8220;10px&#8220; custom_margin=&#8220;||20px|&#8220; animation_style=&#8220;slide&#8220; animation_direction=&#8220;bottom&#8220; saved_tabs=&#8220;all&#8220; locked=&#8220;off&#8220;][\/et_pb_divider][\/et_pb_column][\/et_pb_row][et_pb_row _builder_version=&#8220;4.9.2&#8243; _module_preset=&#8220;default&#8220;][et_pb_column type=&#8220;4_4&#8243; _builder_version=&#8220;4.9.2&#8243; _module_preset=&#8220;default&#8220;][et_pb_text _builder_version=&#8220;4.9.2&#8243; _module_preset=&#8220;default&#8220; max_width=&#8220;800px&#8220;] 08. 06. [&hellip;]<\/p>\n","protected":false},"author":4,"featured_media":1961,"comment_status":"closed","ping_status":"closed","sticky":false,"template":"","format":"standard","meta":{"_et_pb_use_builder":"on","_et_pb_old_content":"","_et_gb_content_width":"1080"},"categories":[9],"tags":[],"_links":{"self":[{"href":"https:\/\/www.nadacnifondkalich.cz\/index.php\/wp-json\/wp\/v2\/posts\/1967"}],"collection":[{"href":"https:\/\/www.nadacnifondkalich.cz\/index.php\/wp-json\/wp\/v2\/posts"}],"about":[{"href":"https:\/\/www.nadacnifondkalich.cz\/index.php\/wp-json\/wp\/v2\/types\/post"}],"author":[{"embeddable":true,"href":"https:\/\/www.nadacnifondkalich.cz\/index.php\/wp-json\/wp\/v2\/users\/4"}],"replies":[{"embeddable":true,"href":"https:\/\/www.nadacnifondkalich.cz\/index.php\/wp-json\/wp\/v2\/comments?post=1967"}],"version-history":[{"count":2,"href":"https:\/\/www.nadacnifondkalich.cz\/index.php\/wp-json\/wp\/v2\/posts\/1967\/revisions"}],"predecessor-version":[{"id":1970,"href":"https:\/\/www.nadacnifondkalich.cz\/index.php\/wp-json\/wp\/v2\/posts\/1967\/revisions\/1970"}],"wp:featuredmedia":[{"embeddable":true,"href":"https:\/\/www.nadacnifondkalich.cz\/index.php\/wp-json\/wp\/v2\/media\/1961"}],"wp:attachment":[{"href":"https:\/\/www.nadacnifondkalich.cz\/index.php\/wp-json\/wp\/v2\/media?parent=1967"}],"wp:term":[{"taxonomy":"category","embeddable":true,"href":"https:\/\/www.nadacnifondkalich.cz\/index.php\/wp-json\/wp\/v2\/categories?post=1967"},{"taxonomy":"post_tag","embeddable":true,"href":"https:\/\/www.nadacnifondkalich.cz\/index.php\/wp-json\/wp\/v2\/tags?post=1967"}],"curies":[{"name":"wp","href":"https:\/\/api.w.org\/{rel}","templated":true}]}}