{"id":1568,"date":"2021-08-26T08:21:42","date_gmt":"2021-08-26T08:21:42","guid":{"rendered":"https:\/\/www.nadacnifondkalich.cz\/?p=1568"},"modified":"2021-08-26T08:27:01","modified_gmt":"2021-08-26T08:27:01","slug":"diskuse-s-guvernerem-cnb","status":"publish","type":"post","link":"https:\/\/www.nadacnifondkalich.cz\/index.php\/2021\/08\/26\/diskuse-s-guvernerem-cnb\/","title":{"rendered":"Diskuse s guvern\u00e9rem \u010cNB"},"content":{"rendered":"<p>[et_pb_section fb_built=&#8220;1&#8243; admin_label=&#8220;Collections&#8220; _builder_version=&#8220;3.22&#8243; custom_padding=&#8220;28px|0px|4px|0px||&#8220;][et_pb_row _builder_version=&#8220;3.25&#8243; custom_margin=&#8220;|auto|-2px|auto||&#8220; custom_padding=&#8220;||3px|||&#8220;][et_pb_column type=&#8220;4_4&#8243; _builder_version=&#8220;3.25&#8243; custom_padding=&#8220;|||&#8220; custom_padding__hover=&#8220;|||&#8220;][et_pb_text _builder_version=&#8220;4.9.2&#8243; text_font=&#8220;||||||||&#8220; header_font=&#8220;||||||||&#8220; header_text_align=&#8220;left&#8220; header_text_color=&#8220;#2b2b2b&#8220; header_line_height=&#8220;1.3em&#8220; header_2_font=&#8220;Playfair Display|700|||||||&#8220; header_2_text_align=&#8220;left&#8220; header_2_text_color=&#8220;#2b2b2b&#8220; header_2_font_size=&#8220;42px&#8220; header_2_line_height=&#8220;1.5em&#8220; text_orientation=&#8220;center&#8220; module_alignment=&#8220;center&#8220; custom_margin=&#8220;||10px|&#8220; locked=&#8220;off&#8220;]<\/p>\n<h2>Diskuse s guvern\u00e9rem \u010cNB<\/h2>\n<p>[\/et_pb_text][et_pb_divider color=&#8220;#f7d584&#8243; divider_weight=&#8220;3px&#8220; disabled_on=&#8220;on|on|off&#8220; _builder_version=&#8220;3.2&#8243; max_width=&#8220;80px&#8220; module_alignment=&#8220;left&#8220; height=&#8220;10px&#8220; custom_margin=&#8220;||20px|&#8220; animation_style=&#8220;slide&#8220; animation_direction=&#8220;bottom&#8220; saved_tabs=&#8220;all&#8220; locked=&#8220;off&#8220;][\/et_pb_divider][\/et_pb_column][\/et_pb_row][et_pb_row _builder_version=&#8220;4.9.2&#8243; _module_preset=&#8220;default&#8220;][et_pb_column type=&#8220;4_4&#8243; _builder_version=&#8220;4.9.2&#8243; _module_preset=&#8220;default&#8220;][et_pb_text _builder_version=&#8220;4.9.2&#8243; _module_preset=&#8220;default&#8220; max_width=&#8220;800px&#8220; hover_enabled=&#8220;0&#8243; sticky_enabled=&#8220;0&#8243;]<\/p>\n<p>Sv\u011bt po finan\u010dn\u00ed krizi ji\u017e nem\u016f\u017ee b\u00fdt stejn\u00fd, jako byl. \u201eVyr\u00e1b\u011bl v\u00edc, ne\u017e na co m\u011bl, ne\u017e co se vypl\u00e1celo a bylo prodejn\u00e9,\u201c zazn\u011blo z \u00fast viceguvern\u00e9ra \u010cesk\u00e9 n\u00e1rodn\u00ed banky Miroslava Singera, kter\u00fd p\u0159ijal pozv\u00e1n\u00ed Okresn\u00ed hospod\u00e1\u0159sk\u00e9 komory v Litom\u011b\u0159ic\u00edch a Nada\u010dn\u00edho fondu Kalich Alexandra Vondry na panelovou diskusi s podnikateli.<\/p>\n<p>T\u00e9matem byla finan\u010dn\u00ed krize. V\u00edce ne\u017e stovku p\u0159\u00edtomn\u00fdch podnikatel\u016f zaj\u00edmal krom\u011b jin\u00e9ho i p\u0159edpokl\u00e1dan\u00fd v\u00fdvoj koruny v\u016f\u010di euru. Podle viceguvern\u00e9ra lze p\u0159edpokl\u00e1dat, \u017ee koruna bude m\u00edt tendenci posilovat, ale z\u00e1rove\u0148 i hodn\u011b kol\u00edsat. Singer, dle hodnocen\u00ed sen\u00e1tora Vondry jeden z nejlep\u0161\u00edch n\u00e1rodohospod\u00e1\u0159\u016f v zemi, d\u00e1le pouk\u00e1zal na mo\u017en\u00e1 rizika p\u0159\u00edmo souvisej\u00edc\u00ed s volbami do Poslaneck\u00e9 sn\u011bmovny. \u201eS bl\u00ed\u017e\u00edc\u00edmi se volbami nejsou na\u0161i politi\u010dt\u00ed p\u0159edstavitel\u00e9 ochotni p\u0159ihl\u00e1sit se k realit\u011b, co\u017e n\u00e1s v budoucnu m\u016f\u017ee st\u00e1t a\u017e p\u0159\u00edli\u0161,\u201c konstatoval ekonom ve zjevn\u00e9 nar\u00e1\u017ece na p\u0159edpokl\u00e1dan\u00fd vysok\u00fd schodek st\u00e1tn\u00edho rozpo\u010dtu a s n\u00edm kontrastuj\u00edc\u00ed populistick\u00e9 sliby politik\u016f voli\u010d\u016fm. Z\u00e1rove\u0148 s t\u00edm v\u0161ak uklidnil podnikatele prohl\u00e1\u0161en\u00edm, \u017ee banky v \u010cesk\u00e9 republice krizi p\u0159e\u017eij\u00ed a sv\u00fdm z\u00e1vazk\u016fm v\u016f\u010di klient\u016fm dostoj\u00ed.<\/p>\n<p>Po diskusi s vl\u00e1dn\u00edm ekonomem Tom\u00e1\u0161em Sedl\u00e1\u010dkem, b\u00fdval\u00fdm ministrem Vladim\u00edrem Dlouh\u00fdm tak Alexandr Vondra spole\u010dn\u011b s okresn\u00ed hospod\u00e1\u0159skou komorou uspo\u0159\u00e1dal dal\u0161\u00ed ekonomicky zam\u011b\u0159enou debatu ur\u010denou hlavn\u011b podnikatel\u016fm.<\/p>\n<p>&nbsp;<\/p>\n<p>[\/et_pb_text][\/et_pb_column][\/et_pb_row][\/et_pb_section][et_pb_section fb_built=&#8220;1&#8243; _builder_version=&#8220;4.9.2&#8243; _module_preset=&#8220;default&#8220; custom_padding=&#8220;2px|||||&#8220;][et_pb_row _builder_version=&#8220;4.9.2&#8243; _module_preset=&#8220;default&#8220;][et_pb_column type=&#8220;4_4&#8243; _builder_version=&#8220;4.9.2&#8243; _module_preset=&#8220;default&#8220;][et_pb_gallery gallery_ids=&#8220;1576,1575,1574,1573,1572,1571,1570&#8243; posts_number=&#8220;16&#8243; show_title_and_caption=&#8220;off&#8220; _builder_version=&#8220;4.9.2&#8243; _module_preset=&#8220;default&#8220; hover_enabled=&#8220;0&#8243; sticky_enabled=&#8220;0&#8243;][\/et_pb_gallery][\/et_pb_column][\/et_pb_row][\/et_pb_section]<\/p>\n","protected":false},"excerpt":{"rendered":"<p>[et_pb_section fb_built=&#8220;1&#8243; admin_label=&#8220;Collections&#8220; _builder_version=&#8220;3.22&#8243; custom_padding=&#8220;28px|0px|4px|0px||&#8220;][et_pb_row _builder_version=&#8220;3.25&#8243; custom_margin=&#8220;|auto|-2px|auto||&#8220; custom_padding=&#8220;||3px|||&#8220;][et_pb_column type=&#8220;4_4&#8243; _builder_version=&#8220;3.25&#8243; custom_padding=&#8220;|||&#8220; custom_padding__hover=&#8220;|||&#8220;][et_pb_text _builder_version=&#8220;4.9.2&#8243; text_font=&#8220;||||||||&#8220; header_font=&#8220;||||||||&#8220; header_text_align=&#8220;left&#8220; header_text_color=&#8220;#2b2b2b&#8220; header_line_height=&#8220;1.3em&#8220; header_2_font=&#8220;Playfair Display|700|||||||&#8220; header_2_text_align=&#8220;left&#8220; header_2_text_color=&#8220;#2b2b2b&#8220; header_2_font_size=&#8220;42px&#8220; header_2_line_height=&#8220;1.5em&#8220; text_orientation=&#8220;center&#8220; module_alignment=&#8220;center&#8220; custom_margin=&#8220;||10px|&#8220; locked=&#8220;off&#8220;] Diskuse s guvern\u00e9rem \u010cNB [\/et_pb_text][et_pb_divider color=&#8220;#f7d584&#8243; divider_weight=&#8220;3px&#8220; disabled_on=&#8220;on|on|off&#8220; _builder_version=&#8220;3.2&#8243; max_width=&#8220;80px&#8220; module_alignment=&#8220;left&#8220; height=&#8220;10px&#8220; custom_margin=&#8220;||20px|&#8220; animation_style=&#8220;slide&#8220; animation_direction=&#8220;bottom&#8220; saved_tabs=&#8220;all&#8220; locked=&#8220;off&#8220;][\/et_pb_divider][\/et_pb_column][\/et_pb_row][et_pb_row _builder_version=&#8220;4.9.2&#8243; _module_preset=&#8220;default&#8220;][et_pb_column type=&#8220;4_4&#8243; _builder_version=&#8220;4.9.2&#8243; _module_preset=&#8220;default&#8220;][et_pb_text _builder_version=&#8220;4.9.2&#8243; _module_preset=&#8220;default&#8220; max_width=&#8220;800px&#8220; hover_enabled=&#8220;0&#8243; sticky_enabled=&#8220;0&#8243;] [&hellip;]<\/p>\n","protected":false},"author":4,"featured_media":1575,"comment_status":"closed","ping_status":"closed","sticky":false,"template":"","format":"standard","meta":{"_et_pb_use_builder":"on","_et_pb_old_content":"","_et_gb_content_width":"1080"},"categories":[9,8],"tags":[],"_links":{"self":[{"href":"https:\/\/www.nadacnifondkalich.cz\/index.php\/wp-json\/wp\/v2\/posts\/1568"}],"collection":[{"href":"https:\/\/www.nadacnifondkalich.cz\/index.php\/wp-json\/wp\/v2\/posts"}],"about":[{"href":"https:\/\/www.nadacnifondkalich.cz\/index.php\/wp-json\/wp\/v2\/types\/post"}],"author":[{"embeddable":true,"href":"https:\/\/www.nadacnifondkalich.cz\/index.php\/wp-json\/wp\/v2\/users\/4"}],"replies":[{"embeddable":true,"href":"https:\/\/www.nadacnifondkalich.cz\/index.php\/wp-json\/wp\/v2\/comments?post=1568"}],"version-history":[{"count":3,"href":"https:\/\/www.nadacnifondkalich.cz\/index.php\/wp-json\/wp\/v2\/posts\/1568\/revisions"}],"predecessor-version":[{"id":1581,"href":"https:\/\/www.nadacnifondkalich.cz\/index.php\/wp-json\/wp\/v2\/posts\/1568\/revisions\/1581"}],"wp:featuredmedia":[{"embeddable":true,"href":"https:\/\/www.nadacnifondkalich.cz\/index.php\/wp-json\/wp\/v2\/media\/1575"}],"wp:attachment":[{"href":"https:\/\/www.nadacnifondkalich.cz\/index.php\/wp-json\/wp\/v2\/media?parent=1568"}],"wp:term":[{"taxonomy":"category","embeddable":true,"href":"https:\/\/www.nadacnifondkalich.cz\/index.php\/wp-json\/wp\/v2\/categories?post=1568"},{"taxonomy":"post_tag","embeddable":true,"href":"https:\/\/www.nadacnifondkalich.cz\/index.php\/wp-json\/wp\/v2\/tags?post=1568"}],"curies":[{"name":"wp","href":"https:\/\/api.w.org\/{rel}","templated":true}]}}